{"id":8345,"date":"2026-04-29T11:02:05","date_gmt":"2026-04-29T09:02:05","guid":{"rendered":"https:\/\/www.foodchempack.com\/?p=8345"},"modified":"2026-04-29T11:06:56","modified_gmt":"2026-04-29T09:06:56","slug":"raquel-sendon-garcia-nueva-decana-de-la-facultad-de-farmacia","status":"publish","type":"post","link":"https:\/\/www.foodchempack.com\/gl\/food-chem-pack\/raquel-sendon-garcia-nueva-decana-de-la-facultad-de-farmacia\/","title":{"rendered":"Raquel Send\u00f3n Garc\u00eda, nueva Decana de la Facultad de Farmacia"},"content":{"rendered":"\n<p>Nuestra compa\u00f1era <strong>Raquel Send\u00f3n Garc\u00eda<\/strong> ha sido elegida <strong>nueva Decana de la Facultad de Farmacia<\/strong>, tras el proceso electoral celebrado recientemente en el centro.<\/p>\n\n\n\n<p>Con este nombramiento, inicia una nueva etapa al frente de la Facultad, desde la que se abordar\u00e1n los principales retos relacionados con la docencia, la investigaci\u00f3n y la gesti\u00f3n acad\u00e9mica en el \u00e1mbito de las ciencias farmac\u00e9uticas.<\/p>\n\n\n\n<p>Raquel Send\u00f3n cuenta con una amplia trayectoria acad\u00e9mica y experiencia universitaria, que desarrollar\u00e1 al servicio de la comunidad de la Facultad durante su mandato como Decana.<\/p>\n","protected":false},"excerpt":{"rendered":"<p>Nuestra compa\u00f1era Raquel Send\u00f3n Garc\u00eda ha sido elegida nueva Decana de la Facultad de Farmacia, tras el proceso electoral celebrado recientemente en el centro. Con este nombramiento, inicia una nueva etapa al frente de la Facultad, desde la que se abordar\u00e1n los principales retos relacionados con la docencia, la investigaci\u00f3n y la gesti\u00f3n acad\u00e9mica en [&hellip;]<\/p>\n","protected":false},"author":3,"featured_media":8349,"comment_status":"closed","ping_status":"closed","sticky":false,"template":"","format":"standard","meta":{"_eb_attr":""},"categories":[1],"tags":[],"_links":{"self":[{"href":"https:\/\/www.foodchempack.com\/gl\/wp-json\/wp\/v2\/posts\/8345"}],"collection":[{"href":"https:\/\/www.foodchempack.com\/gl\/wp-json\/wp\/v2\/posts"}],"about":[{"href":"https:\/\/www.foodchempack.com\/gl\/wp-json\/wp\/v2\/types\/post"}],"author":[{"embeddable":true,"href":"https:\/\/www.foodchempack.com\/gl\/wp-json\/wp\/v2\/users\/3"}],"replies":[{"embeddable":true,"href":"https:\/\/www.foodchempack.com\/gl\/wp-json\/wp\/v2\/comments?post=8345"}],"version-history":[{"count":2,"href":"https:\/\/www.foodchempack.com\/gl\/wp-json\/wp\/v2\/posts\/8345\/revisions"}],"predecessor-version":[{"id":8353,"href":"https:\/\/www.foodchempack.com\/gl\/wp-json\/wp\/v2\/posts\/8345\/revisions\/8353"}],"wp:featuredmedia":[{"embeddable":true,"href":"https:\/\/www.foodchempack.com\/gl\/wp-json\/wp\/v2\/media\/8349"}],"wp:attachment":[{"href":"https:\/\/www.foodchempack.com\/gl\/wp-json\/wp\/v2\/media?parent=8345"}],"wp:term":[{"taxonomy":"category","embeddable":true,"href":"https:\/\/www.foodchempack.com\/gl\/wp-json\/wp\/v2\/categories?post=8345"},{"taxonomy":"post_tag","embeddable":true,"href":"https:\/\/www.foodchempack.com\/gl\/wp-json\/wp\/v2\/tags?post=8345"}],"curies":[{"name":"wp","href":"https:\/\/api.w.org\/{rel}","templated":true}]}}