{"id":8127,"date":"2026-01-29T11:04:16","date_gmt":"2026-01-29T10:04:16","guid":{"rendered":"https:\/\/www.foodchempack.com\/food-chem-pack-en\/primera-reunion-general-de-la-red-de-bioeconomia-circular-chile-europa\/"},"modified":"2026-01-29T11:05:02","modified_gmt":"2026-01-29T10:05:02","slug":"primera-reunion-general-de-la-red-de-bioeconomia-circular-chile-europa","status":"publish","type":"post","link":"https:\/\/www.foodchempack.com\/en\/food-chem-pack-en\/primera-reunion-general-de-la-red-de-bioeconomia-circular-chile-europa\/","title":{"rendered":"Primera Reuni\u00f3n General de la Red de Bioeconom\u00eda Circular Chile\u2013Europa"},"content":{"rendered":"\n<p><\/p>\n\n\n\n<p>El pasado lunes 26 de enero, <strong>FoodChemPack<\/strong> particip\u00f3 en la <strong>Primera Reuni\u00f3n de la Red de Bioeconom\u00eda Circular Chile-Europa<\/strong>, un hito para fortalecer la cooperaci\u00f3n cient\u00edfica entre ambos continentes y definir la hoja de ruta estrat\u00e9gica hacia 2026.<\/p>\n\n\n\n<p>El encuentro fue inaugurado por el Dr. Danilo Escobar Avello (UDT\u2013Universidad de Concepci\u00f3n, CENAMAD) como responsable de la red, y el Dr. Jorge Santos (ARCP CoLAB, Portugal) como coordinador europeo. Durante la jornada se presentaron los equipos participantes de Chile y Europa, destacando sus fortalezas en <strong>bioeconom\u00eda circular, bioproductos, biomateriales y biorrefiner\u00edas<\/strong>.<\/p>\n\n\n\n<p><strong>Instituciones y grupos participantes:<\/strong><\/p>\n\n\n\n<h3><em>Chile<\/em><\/h3>\n\n\n\n<ul>\n<li><strong>UDT \u2013 Universidad de Concepci\u00f3n<\/strong>: Danilo Escobar Avello, Cecilia Fuentealba, Victor Ferrer Villasmil, JuanCarlos Carrasco-Moraga<\/li>\n\n\n\n<li><strong>Universidad de Concepci\u00f3n<\/strong>: Sebasti\u00e1n Riquelme Rifo, Daniela Nova Baza, Pablo Castro, Jos\u00e9 Becerra, Felipe Noriega V\u00e1squez, Sandra Suescun<\/li>\n\n\n\n<li><strong>Universidad de Chile<\/strong>: Consuelo Fritz (Facultad de Ciencias Forestales y de la Conservaci\u00f3n de la Naturaleza)<\/li>\n\n\n\n<li><strong>Universidad de Talca<\/strong>: Esteban Dur\u00e1n Lara (bio.nano.lab)<\/li>\n\n\n\n<li><strong>Universidad San Sebasti\u00e1n<\/strong>: Dr. Gustavo Cabrera Barjas (Facultad de Ciencias de la Rehabilitaci\u00f3n y Calidad de Vida)<\/li>\n<\/ul>\n\n\n\n<h3> <em>Espa\u00f1a<\/em><\/h3>\n\n\n\n<ul>\n<li><strong>Universidad de Santiago de Compostela<\/strong>: Letricia Barbosa-Pereira (FoodChemPack)<\/li>\n\n\n\n<li><strong>Universidad de Valencia<\/strong>: Juan Manuel Castagnini (Alisost)<\/li>\n\n\n\n<li><strong>Universidad de Vigo<\/strong>: Beatriz Gull\u00f3n (Bio2Val)<\/li>\n\n\n\n<li><strong>Universidad de Barcelona<\/strong>: Sonia Sentellas, Aina Mir Cerd\u00e0 (FAAST)<\/li>\n\n\n\n<li><strong>Universidad de M\u00e1laga<\/strong>: F\u00e9lix L\u00f3pez Figueroa (Instituto de Biotecnolog\u00eda y Desarrollo Azul)<\/li>\n\n\n\n<li><strong>Universidad de Castilla-La Mancha<\/strong>: Andr\u00e9s Moreno<\/li>\n<\/ul>\n\n\n\n<h3><em>Portugal<\/em><\/h3>\n\n\n\n<ul>\n<li><strong>ARCP CoLAB \u2013 Rede de Compet\u00eancia em Pol\u00edmeros<\/strong>: Jorge Santos, Luisa Hora de Carvalho, Raquel Fernandes<\/li>\n\n\n\n<li><strong>Centro de Investiga\u00e7\u00e3o de Montanha<\/strong>: Maria-Filomena Barreiro<\/li>\n<\/ul>\n\n\n\n<h3><em>Italia<\/em><\/h3>\n\n\n\n<ul>\n<li><strong>Universit\u00e0 degli Studi del Sannio<\/strong>: Marina Paolucci<\/li>\n<\/ul>\n\n\n\n<p><strong>Durante la reuni\u00f3n se definieron avances y acciones clave para impulsar la colaboraci\u00f3n internacional<\/strong>:<\/p>\n\n\n\n<ul>\n<li>Programas de <strong>pasant\u00edas e intercambios acad\u00e9micos<\/strong> Chile\u2013Europa<\/li>\n\n\n\n<li><strong>Gira t\u00e9cnica<\/strong> a centros de investigaci\u00f3n europeos<\/li>\n\n\n\n<li>Redacci\u00f3n de una <strong>publicaci\u00f3n cient\u00edfica conjunta<\/strong><\/li>\n\n\n\n<li>Gesti\u00f3n de <strong>convenios de colaboraci\u00f3n<\/strong> entre instituciones<\/li>\n\n\n\n<li>Formulaci\u00f3n de <strong>proyectos internacionales<\/strong><\/li>\n\n\n\n<li>Organizaci\u00f3n de un <strong>congreso especializado<\/strong> en bioeconom\u00eda circular o biorrefiner\u00edas<\/li>\n<\/ul>\n\n\n\n<p><\/p>\n","protected":false},"excerpt":{"rendered":"<p>El pasado lunes 26 de enero, FoodChemPack particip\u00f3 en la Primera Reuni\u00f3n de la Red de Bioeconom\u00eda Circular Chile-Europa, un hito para fortalecer la cooperaci\u00f3n cient\u00edfica entre ambos continentes y definir la hoja de ruta estrat\u00e9gica hacia 2026. El encuentro fue inaugurado por el Dr. Danilo Escobar Avello (UDT\u2013Universidad de Concepci\u00f3n, CENAMAD) como responsable de [&hellip;]<\/p>\n","protected":false},"author":3,"featured_media":8125,"comment_status":"closed","ping_status":"closed","sticky":false,"template":"","format":"standard","meta":{"_eb_attr":""},"categories":[54],"tags":[124],"_links":{"self":[{"href":"https:\/\/www.foodchempack.com\/en\/wp-json\/wp\/v2\/posts\/8127"}],"collection":[{"href":"https:\/\/www.foodchempack.com\/en\/wp-json\/wp\/v2\/posts"}],"about":[{"href":"https:\/\/www.foodchempack.com\/en\/wp-json\/wp\/v2\/types\/post"}],"author":[{"embeddable":true,"href":"https:\/\/www.foodchempack.com\/en\/wp-json\/wp\/v2\/users\/3"}],"replies":[{"embeddable":true,"href":"https:\/\/www.foodchempack.com\/en\/wp-json\/wp\/v2\/comments?post=8127"}],"version-history":[{"count":1,"href":"https:\/\/www.foodchempack.com\/en\/wp-json\/wp\/v2\/posts\/8127\/revisions"}],"predecessor-version":[{"id":8129,"href":"https:\/\/www.foodchempack.com\/en\/wp-json\/wp\/v2\/posts\/8127\/revisions\/8129"}],"wp:featuredmedia":[{"embeddable":true,"href":"https:\/\/www.foodchempack.com\/en\/wp-json\/wp\/v2\/media\/8125"}],"wp:attachment":[{"href":"https:\/\/www.foodchempack.com\/en\/wp-json\/wp\/v2\/media?parent=8127"}],"wp:term":[{"taxonomy":"category","embeddable":true,"href":"https:\/\/www.foodchempack.com\/en\/wp-json\/wp\/v2\/categories?post=8127"},{"taxonomy":"post_tag","embeddable":true,"href":"https:\/\/www.foodchempack.com\/en\/wp-json\/wp\/v2\/tags?post=8127"}],"curies":[{"name":"wp","href":"https:\/\/api.w.org\/{rel}","templated":true}]}}