{"id":7888,"date":"2025-07-08T11:34:54","date_gmt":"2025-07-08T09:34:54","guid":{"rendered":"https:\/\/www.foodchempack.com\/?p=7888"},"modified":"2025-07-08T11:34:35","modified_gmt":"2025-07-08T09:34:35","slug":"slim-2026","status":"publish","type":"post","link":"https:\/\/www.foodchempack.com\/en\/food-chem-pack-en\/slim-2026\/","title":{"rendered":"SLIM 2026"},"content":{"rendered":"\n<p>\ud83d\udcc5 8-11 de junio 2026 | \ud83d\udccdSantiago de Compostela, Espa\u00f1a<\/p>\n\n<p>Nos complace invitarte a la 12\u00aa edici\u00f3n del Shelf Life International Meeting SLIM 2026, un espacio de intercambio acad\u00e9mico y profesional que reunir\u00e1 a expertos en el campo de la vida \u00fatil y el envasado de alimentos de todo el mundo.<\/p>\n\n<p>Este evento representa una gran oportunidad para fortalecer redes de colaboraci\u00f3n, presentar investigaciones innovadoras y conocer las tendencias m\u00e1s recientes en el \u00e1rea.<\/p>\n\n<p>\u00a1Mira nuestro video promocional y prep\u00e1rate para participar!<\/p>\n\n<p><\/p>\n\n<figure class=\"wp-block-embed is-type-video is-provider-youtube wp-block-embed-youtube wp-embed-aspect-16-9 wp-has-aspect-ratio\"><div class=\"wp-block-embed__wrapper\">\n<div class='avia-iframe-wrap'><iframe title=\"SLIM 2026 Santiago de Compostela\" width=\"1500\" height=\"844\" src=\"https:\/\/www.youtube.com\/embed\/1hzHNdczfnc?feature=oembed\" frameborder=\"0\" allow=\"accelerometer; autoplay; clipboard-write; encrypted-media; gyroscope; picture-in-picture; web-share\" referrerpolicy=\"strict-origin-when-cross-origin\" allowfullscreen><\/iframe><\/div>\n<\/div><figcaption class=\"wp-element-caption\"><strong>SLIM  8-11 DE JUNIO DE 2026<\/strong><\/figcaption><\/figure>\n\n<p>Pr\u00f3ximamente compartiremos m\u00e1s detalles sobre inscripciones y agenda.<\/p>\n","protected":false},"excerpt":{"rendered":"<p>\ud83d\udcc5 8-11 de junio 2026 | \ud83d\udccdSantiago de Compostela, Espa\u00f1a Nos complace invitarte a la 12\u00aa edici\u00f3n del Shelf Life International Meeting SLIM 2026, un espacio de intercambio acad\u00e9mico y profesional que reunir\u00e1 a expertos en el campo de la vida \u00fatil y el envasado de alimentos de todo el mundo. Este evento representa una [&hellip;]<\/p>\n","protected":false},"author":3,"featured_media":7956,"comment_status":"closed","ping_status":"closed","sticky":false,"template":"","format":"standard","meta":{"_eb_attr":""},"categories":[107,54],"tags":[],"_links":{"self":[{"href":"https:\/\/www.foodchempack.com\/en\/wp-json\/wp\/v2\/posts\/7888"}],"collection":[{"href":"https:\/\/www.foodchempack.com\/en\/wp-json\/wp\/v2\/posts"}],"about":[{"href":"https:\/\/www.foodchempack.com\/en\/wp-json\/wp\/v2\/types\/post"}],"author":[{"embeddable":true,"href":"https:\/\/www.foodchempack.com\/en\/wp-json\/wp\/v2\/users\/3"}],"replies":[{"embeddable":true,"href":"https:\/\/www.foodchempack.com\/en\/wp-json\/wp\/v2\/comments?post=7888"}],"version-history":[{"count":5,"href":"https:\/\/www.foodchempack.com\/en\/wp-json\/wp\/v2\/posts\/7888\/revisions"}],"predecessor-version":[{"id":7978,"href":"https:\/\/www.foodchempack.com\/en\/wp-json\/wp\/v2\/posts\/7888\/revisions\/7978"}],"wp:featuredmedia":[{"embeddable":true,"href":"https:\/\/www.foodchempack.com\/en\/wp-json\/wp\/v2\/media\/7956"}],"wp:attachment":[{"href":"https:\/\/www.foodchempack.com\/en\/wp-json\/wp\/v2\/media?parent=7888"}],"wp:term":[{"taxonomy":"category","embeddable":true,"href":"https:\/\/www.foodchempack.com\/en\/wp-json\/wp\/v2\/categories?post=7888"},{"taxonomy":"post_tag","embeddable":true,"href":"https:\/\/www.foodchempack.com\/en\/wp-json\/wp\/v2\/tags?post=7888"}],"curies":[{"name":"wp","href":"https:\/\/api.w.org\/{rel}","templated":true}]}}